
{"id":5122,"date":"2025-05-19T18:17:04","date_gmt":"2025-05-19T21:17:04","guid":{"rendered":"https:\/\/labi.lat\/?p=5122"},"modified":"2025-08-28T12:15:13","modified_gmt":"2025-08-28T15:15:13","slug":"exchange-of-experiences-in-microscopy","status":"publish","type":"post","link":"https:\/\/labi.lat\/es\/2025\/05\/19\/exchange-of-experiences-in-microscopy\/","title":{"rendered":"Ciclo de seminarios: Intercambio de Experiencias en Microscop\u00eda"},"content":{"rendered":"<p><\/p>\n<h5>Primer Ciclo: Microscop\u00eda en pr\u00e1ctica | Experiencias detr\u00e1s de escena en Bioimaging<\/h5>\n<p><span style=\"font-weight: 400;\">Desde el Grupo de Trabajo de <\/span><b>Training &amp; Education de LABI<\/b><span style=\"font-weight: 400;\">, lanzamos este nuevo espacio virtual para compartir experiencias, lecciones aprendidas y desaf\u00edos cotidianos en bioimaging: <\/span><b>Intercambio de Experiencias en Microscop\u00eda (IEM)<\/b><span style=\"font-weight: 400;\">.\u00a0<\/span><\/p>\n<p><span style=\"font-weight: 400;\">Este ciclo de seminarios virtuales tiene como objetivo compartir aprendizajes pr\u00e1cticos, lecciones clave y desaf\u00edos comunes que enfrentamos en el trabajo cotidiano al vincularnos con la\u00a0 microscop\u00eda.\u00a0 Te invitamos a participar de este espacio para fortalecer la colaboraci\u00f3n, visibilizar el conocimiento t\u00e9cnico de la regi\u00f3n y construir capacidades colectivas.<\/span><\/p>\n<h5><strong>Detalles del Evento<\/strong><\/h5>\n<ul>\n<li><span style=\"font-weight: 400;\">Modalidad: Virtual (con registro)<\/span><\/li>\n<li><span style=\"font-weight: 400;\">Hora: 12:00 (GMT-3)<\/span><\/li>\n<li><span style=\"font-weight: 400;\">Duraci\u00f3n: 60 minutos<\/span><\/li>\n<li><span style=\"font-weight: 400;\">Estructura: <\/span>Introducci\u00f3n + presentaciones cortas (10 min c\/u) + 20 min de intercambio<\/li>\n<\/ul>\n<h5><a href=\"https:\/\/docs.google.com\/forms\/d\/e\/1FAIpQLSfUxmbbIlOJKHxj8jHZwwRpwDeBpCJDIRAarVSsx9LA0bM0ow\/viewform\"><strong>Registro <span style=\"text-decoration: underline;\">aqu\u00ed<\/span><\/strong><\/a><\/h5>\n<p>&#8212;&#8212;&#8212;&#8212;&#8212;&#8212;&#8212;&#8212;&#8212;&#8212;&#8212;-<\/p>\n<p>&nbsp;<\/p>\n<p><img decoding=\"async\" loading=\"lazy\" class=\"alignnone wp-image-5126 size-full\" src=\"https:\/\/labi.lat\/wp-content\/uploads\/2025\/05\/1-esp-1.png\" alt=\"\" width=\"2008\" height=\"472\" srcset=\"https:\/\/labi.lat\/wp-content\/uploads\/2025\/05\/1-esp-1.png 2008w, https:\/\/labi.lat\/wp-content\/uploads\/2025\/05\/1-esp-1-640x150.png 640w, https:\/\/labi.lat\/wp-content\/uploads\/2025\/05\/1-esp-1-1280x301.png 1280w, https:\/\/labi.lat\/wp-content\/uploads\/2025\/05\/1-esp-1-1024x241.png 1024w, https:\/\/labi.lat\/wp-content\/uploads\/2025\/05\/1-esp-1-1536x361.png 1536w, https:\/\/labi.lat\/wp-content\/uploads\/2025\/05\/1-esp-1-320x75.png 320w\" sizes=\"(max-width: 2008px) 100vw, 2008px\" \/><\/p>\n<p><b>Descripci\u00f3n:<\/b><span style=\"font-weight: 400;\"> Para obtener im\u00e1genes de calidad, una muestra bien preparada es esencial.\u00a0 En este primer encuentro los invitamos a escuchar y opinar sobre algunos aspectos pr\u00e1cticos que impactan en la calidad de la imagen, como la t\u00e9cnica de fijaci\u00f3n y la dispersi\u00f3n de la luz.<\/span><\/p>\n<p><b>Pregunta clave:<\/b><span style=\"font-weight: 400;\"> \u00bfC\u00f3mo impacta el m\u00e9todo de preparaci\u00f3n en la calidad final de la imagen de fluorescencia?<\/span><\/p>\n<ul>\n<li><b>Jueves 5 de Junio<\/b><span style=\"font-weight: 400;\"> \u2013 12:00 (GMT-3)<\/span><\/li>\n<li><i><span style=\"font-weight: 400;\">Exponen:<\/span><\/i><span style=\"font-weight: 400;\"> An\u00edbal Vargas (Chile), Iv\u00e1n Rey (Colombia)<\/span><\/li>\n<li><i><span style=\"font-weight: 400;\">Modera:<\/span><\/i><span style=\"font-weight: 400;\"> Victoria Repetto <\/span><\/li>\n<\/ul>\n<p>&#8212;&#8212;&#8211;<\/p>\n<p><img decoding=\"async\" loading=\"lazy\" class=\"alignnone wp-image-5128 size-full\" src=\"https:\/\/labi.lat\/wp-content\/uploads\/2025\/05\/2-esp.png\" alt=\"\" width=\"2008\" height=\"472\" srcset=\"https:\/\/labi.lat\/wp-content\/uploads\/2025\/05\/2-esp.png 2008w, https:\/\/labi.lat\/wp-content\/uploads\/2025\/05\/2-esp-640x150.png 640w, https:\/\/labi.lat\/wp-content\/uploads\/2025\/05\/2-esp-1280x301.png 1280w, https:\/\/labi.lat\/wp-content\/uploads\/2025\/05\/2-esp-1024x241.png 1024w, https:\/\/labi.lat\/wp-content\/uploads\/2025\/05\/2-esp-1536x361.png 1536w, https:\/\/labi.lat\/wp-content\/uploads\/2025\/05\/2-esp-320x75.png 320w\" sizes=\"(max-width: 2008px) 100vw, 2008px\" \/><\/p>\n<p><b>Descripci\u00f3n:<\/b><span style=\"font-weight: 400;\"> En este segundo encuentro los invitamos a compartir\u00a0 experiencias pr\u00e1cticas sobre preparaci\u00f3n de muestras para microscop\u00eda electr\u00f3nica, comparando estrategias seg\u00fan los equipos disponibles y marcas comerciales.<\/span><\/p>\n<p><b>Preguntas clave:<\/b><span style=\"font-weight: 400;\"> \u00bfC\u00f3mo influye el tipo de equipo disponible en la estrategia de preparaci\u00f3n de muestras? \u00bfQu\u00e9 variables se deben considerar al elegir el equipo y m\u00e9todo de preparaci\u00f3n?<\/span><\/p>\n<ul>\n<li><b>Jueves 3 de Julio<\/b><span style=\"font-weight: 400;\"> \u2013 12:00 (GMT-3)<\/span><\/li>\n<li><i><span style=\"font-weight: 400;\">Exponen:<\/span><\/i><span style=\"font-weight: 400;\"> Andreia Lo Costa (Brasil),<\/span><span style=\"font-weight: 400;\"> Liseth Garibaldi Sosa (Chile)<\/span><\/li>\n<li><i><span style=\"font-weight: 400;\">Modera:<\/span><\/i><span style=\"font-weight: 400;\"> Iv\u00e1n Rey\u00a0<\/span><\/li>\n<\/ul>\n<p>&#8212;&#8212;&#8211;<\/p>\n<p><img decoding=\"async\" loading=\"lazy\" class=\"alignnone wp-image-5129 size-full\" src=\"https:\/\/labi.lat\/wp-content\/uploads\/2025\/05\/3-esp.png\" alt=\"\" width=\"2008\" height=\"472\" srcset=\"https:\/\/labi.lat\/wp-content\/uploads\/2025\/05\/3-esp.png 2008w, https:\/\/labi.lat\/wp-content\/uploads\/2025\/05\/3-esp-640x150.png 640w, https:\/\/labi.lat\/wp-content\/uploads\/2025\/05\/3-esp-1280x301.png 1280w, https:\/\/labi.lat\/wp-content\/uploads\/2025\/05\/3-esp-1024x241.png 1024w, https:\/\/labi.lat\/wp-content\/uploads\/2025\/05\/3-esp-1536x361.png 1536w, https:\/\/labi.lat\/wp-content\/uploads\/2025\/05\/3-esp-320x75.png 320w\" sizes=\"(max-width: 2008px) 100vw, 2008px\" \/><\/p>\n<p><b>Descripci\u00f3n:<\/b><span style=\"font-weight: 400;\"> En esta tercera sesi\u00f3n exploraremos los desaf\u00edos de dise\u00f1o experimental en contextos latinoamericanos, teniendo en cuenta las limitaciones t\u00e9cnicas y de recursos. Compartiremos ejemplos d\u00f3nde las interacciones locales han permitido desarrollar soluciones creativas para dise\u00f1ar y ejecutar experimentos de microscop\u00eda y veremos el detr\u00e1s de escena de c\u00f3mo surgieron estas interacciones.<\/span><\/p>\n<p><b>Pregunta clave:<\/b><span style=\"font-weight: 400;\"> \u00bfC\u00f3mo dise\u00f1ar un experimento de microscop\u00eda robusto considerando las limitaciones locales?\u00a0<\/span><\/p>\n<ul>\n<li><b>Jueves 7 de Agosto<\/b><span style=\"font-weight: 400;\"> \u2013 12:00 (GMT-3)<\/span><\/li>\n<li><i><span style=\"font-weight: 400;\">Exponen:<\/span><\/i><span style=\"font-weight: 400;\"> Samuel Rocha (Brazil), Marcela D\u00edaz (Uruguay)<\/span><\/li>\n<li><i><span style=\"font-weight: 400;\">Modera:<\/span><\/i><span style=\"font-weight: 400;\"> Victoria Repetto<\/span><\/li>\n<\/ul>\n<p>&#8212;&#8212;&#8211;<\/p>\n<h6><img decoding=\"async\" loading=\"lazy\" class=\"alignnone wp-image-5130 size-full\" src=\"https:\/\/labi.lat\/wp-content\/uploads\/2025\/05\/4-esp.png\" alt=\"\" width=\"2008\" height=\"472\" srcset=\"https:\/\/labi.lat\/wp-content\/uploads\/2025\/05\/4-esp.png 2008w, https:\/\/labi.lat\/wp-content\/uploads\/2025\/05\/4-esp-640x150.png 640w, https:\/\/labi.lat\/wp-content\/uploads\/2025\/05\/4-esp-1280x301.png 1280w, https:\/\/labi.lat\/wp-content\/uploads\/2025\/05\/4-esp-1024x241.png 1024w, https:\/\/labi.lat\/wp-content\/uploads\/2025\/05\/4-esp-1536x361.png 1536w, https:\/\/labi.lat\/wp-content\/uploads\/2025\/05\/4-esp-320x75.png 320w\" sizes=\"(max-width: 2008px) 100vw, 2008px\" \/><\/h6>\n<p><b>Descripci\u00f3n:<\/b><span style=\"font-weight: 400;\"> En este cuarto encuentro ahondaremos en las ventajas de los intercambios regionales y\u00a0 discutiremos c\u00f3mo aprovechar al m\u00e1ximo las estancias cortas en laboratorios, estructurando una agenda de trabajo eficaz.<\/span><\/p>\n<p><b>Pregunta clave:<\/b><span style=\"font-weight: 400;\"> \u00bfQu\u00e9 elementos debe incluir un plan de trabajo para maximizar el aprendizaje en una visita corta?\u00a0 \u00bfC\u00f3mo estructurar una agenda de capacitaci\u00f3n eficiente para estancias t\u00e9cnicas?<\/span><\/p>\n<ul>\n<li><b>Jueves 4 de Septiembre<\/b><span style=\"font-weight: 400;\"> \u2013 12:00 (GMT-3)<\/span><\/li>\n<li><i><span style=\"font-weight: 400;\">Exponen:<\/span><\/i><span style=\"font-weight: 400;\"> Vanessa De C\u00e1ssia (Brazil), Victoria Repetto (Argentina)<\/span><\/li>\n<li><i><span style=\"font-weight: 400;\">Modera:<\/span><\/i><span style=\"font-weight: 400;\"> Iv\u00e1n Rey<\/span><\/li>\n<\/ul>\n<h5><b>\u00bfQuer\u00e9s proponer un tema o participar como expositor\/a en pr\u00f3ximos ciclos? \u00a1Escribinos!<\/b><\/h5>\n<p><span style=\"font-weight: 400;\">Este espacio es colaborativo y se construye con toda la comunidad LABI<\/span><\/p>\n<p><\/p>\n<p>","protected":false},"excerpt":{"rendered":"<p>Primer Ciclo: Microscop\u00eda en pr\u00e1ctica | Experiencias detr\u00e1s de escena en Bioimaging Desde el Grupo de Trabajo de Training &amp; Education de LABI, lanzamos este nuevo espacio virtual para compartir experiencias, lecciones aprendidas y desaf\u00edos cotidianos en bioimaging: Intercambio de Experiencias en Microscop\u00eda (IEM).\u00a0 Este ciclo de seminarios virtuales tiene como objetivo compartir aprendizajes pr\u00e1cticos, [&hellip;]<\/p>\n","protected":false},"author":7,"featured_media":5143,"comment_status":"closed","ping_status":"closed","sticky":false,"template":"","format":"standard","meta":{"footnotes":""},"categories":[2],"tags":[],"_links":{"self":[{"href":"https:\/\/labi.lat\/es\/wp-json\/wp\/v2\/posts\/5122"}],"collection":[{"href":"https:\/\/labi.lat\/es\/wp-json\/wp\/v2\/posts"}],"about":[{"href":"https:\/\/labi.lat\/es\/wp-json\/wp\/v2\/types\/post"}],"author":[{"embeddable":true,"href":"https:\/\/labi.lat\/es\/wp-json\/wp\/v2\/users\/7"}],"replies":[{"embeddable":true,"href":"https:\/\/labi.lat\/es\/wp-json\/wp\/v2\/comments?post=5122"}],"version-history":[{"count":9,"href":"https:\/\/labi.lat\/es\/wp-json\/wp\/v2\/posts\/5122\/revisions"}],"predecessor-version":[{"id":5228,"href":"https:\/\/labi.lat\/es\/wp-json\/wp\/v2\/posts\/5122\/revisions\/5228"}],"wp:featuredmedia":[{"embeddable":true,"href":"https:\/\/labi.lat\/es\/wp-json\/wp\/v2\/media\/5143"}],"wp:attachment":[{"href":"https:\/\/labi.lat\/es\/wp-json\/wp\/v2\/media?parent=5122"}],"wp:term":[{"taxonomy":"category","embeddable":true,"href":"https:\/\/labi.lat\/es\/wp-json\/wp\/v2\/categories?post=5122"},{"taxonomy":"post_tag","embeddable":true,"href":"https:\/\/labi.lat\/es\/wp-json\/wp\/v2\/tags?post=5122"}],"curies":[{"name":"wp","href":"https:\/\/api.w.org\/{rel}","templated":true}]}}